{"id":719,"date":"2025-03-25T08:42:27","date_gmt":"2025-03-25T08:42:27","guid":{"rendered":"https:\/\/annazaragoza.com\/?p=719"},"modified":"2025-03-25T08:57:02","modified_gmt":"2025-03-25T08:57:02","slug":"responsabilitat-penal-de-l-empresari-per-incompliment-de-la-normativa-de-prevencio-de-riscos-laborals","status":"publish","type":"post","link":"https:\/\/annazaragoza.com\/ca\/responsabilitat-penal-de-l-empresari-per-incompliment-de-la-normativa-de-prevencio-de-riscos-laborals\/","title":{"rendered":"Responsabilitat penal de l&#8217; empresari per incompliment de la normativa de prevenci\u00f3 de riscos laborals"},"content":{"rendered":"\n<p class=\"wp-block-paragraph\">En l&#8217; \u00e0mbit laboral, la seguretat dels treballadors \u00e9s un principi fonamental que tot empresari ha de garantir. La recent sent\u00e8ncia del Tribunal Suprem (Sent\u00e8ncia n\u00fam. 121\/2025) posa de manifest la gravetat de no complir amb la normativa de prevenci\u00f3 de riscos laborals i les seves conseq\u00fc\u00e8ncies legals.<\/p>\n\n\n\n<p class=\"wp-block-paragraph\"><strong>El cas: un accident amb greus repercussions<\/strong><\/p>\n\n\n\n<p class=\"wp-block-paragraph\">La sent\u00e8ncia en q\u00fcesti\u00f3 analitza la responsabilitat penal d&#8217;un administrador d&#8217;empresa en un cas on un treballador va patir l&#8217;amputaci\u00f3 d&#8217;un dit en operar una m\u00e0quina sense les degudes proteccions de seguretat. L&#8217;operari, que no havia rebut formaci\u00f3 en prevenci\u00f3 de riscos laborals, va resultar greument lesionat a causa de l&#8217;abs\u00e8ncia de mesures de seguretat adequades en el seu lloc de treball.<\/p>\n\n\n\n<p class=\"wp-block-paragraph\">Aquest fet va derivar en una condemna penal per a l&#8217;empresari, qui va ser considerat responsable d&#8217;un delicte contra els drets dels treballadors i un delicte de lesions imprudents.<\/p>\n\n\n\n<p class=\"wp-block-paragraph\"><strong>Quines van ser les conseq\u00fc\u00e8ncies legals?<\/strong><\/p>\n\n\n\n<p class=\"wp-block-paragraph\">L&#8217; administrador de l&#8217; empresa va ser condemnat a:<\/p>\n\n\n\n<ol class=\"wp-block-list\">\n<li><strong>1 any i 6 mesos de pres\u00f3<\/strong><\/li>\n\n\n\n<li><strong>Inhabilitaci\u00f3 per exercir com a gerent o administrador d&#8217; empreses del sector<\/strong><\/li>\n\n\n\n<li><strong>Pagament d&#8217; una indemnitzaci\u00f3 de m\u00e9s de 117.000 euros al treballador afectat<\/strong><\/li>\n\n\n\n<li><strong>Responsabilitat subsidi\u00e0ria de l&#8217; empresa i de l&#8217; asseguradora<\/strong><\/li>\n<\/ol>\n\n\n\n<p class=\"wp-block-paragraph\">A m\u00e9s, la Inspecci\u00f3 de Treball va imposar un rec\u00e0rrec del 40% en les prestacions econ\u00f2miques derivades de l&#8217;accident, qualificant la infracci\u00f3 com a greu.<\/p>\n\n\n\n<p class=\"wp-block-paragraph\"><strong>La import\u00e0ncia de complir amb la normativa de prevenci\u00f3 de riscos laborals<\/strong><\/p>\n\n\n\n<p class=\"wp-block-paragraph\">Aquest cas demostra que l&#8217; incompliment de la normativa de seguretat laboral no nom\u00e9s exposa els treballadors a perills innecessaris, sin\u00f3 que tamb\u00e9 pot derivar en sancions severes per als responsables de l&#8217; empresa.<\/p>\n\n\n\n<p class=\"wp-block-paragraph\">Des\u00a0 d<strong>&#8216;Anna Zaragoza Litigaci\u00f3n y Defensa<\/strong>, el nostre bufet d&#8217;advocats especialitzat en <strong><a href=\"https:\/\/annazaragoza.com\/ca\/defensa-penal\/\">defensa penal<\/a>, <a href=\"https:\/\/annazaragoza.com\/ca\/litigacio-civil-mercantil\/\">litigaci\u00f3 civil i mercantil<\/a><\/strong>, assessorem empreses i treballadors per garantir el compliment normatiu i la protecci\u00f3 dels seus drets.<\/p>\n\n\n\n<p class=\"wp-block-paragraph\">Si necessites assessorament en temes de seguretat laboral o defensa davant de procediments judicials, <strong><a href=\"https:\/\/annazaragoza.com\/ca\/contacte\/\">contacta&#8217;ns<\/a><\/strong>. La prevenci\u00f3 i el compliment de la llei s\u00f3n clau per evitar conseq\u00fc\u00e8ncies legals greus.<\/p>\n\n\n\n<p class=\"wp-block-paragraph\">Consulta la <strong>STS 121\/2025, 13 de febrer de 2025 a continuaci\u00f3:<\/strong><\/p>\n\n\n\n<div data-wp-interactive=\"core\/file\" class=\"wp-block-file\"><object data-wp-bind--hidden=\"!state.hasPdfPreview\" hidden class=\"wp-block-file__embed\" data=\"https:\/\/annazaragoza.com\/wp-content\/uploads\/2025\/03\/sts-1212025-13-de-febrero-de-2025-tribunal-supremo.pdf\" type=\"application\/pdf\" style=\"width:100%;height:600px\" aria-label=\"Incrustaci\u00f3 del fitxer sts-1212025-13-de-febrero-de-2025-tribunal-supremo.\"><\/object><a id=\"wp-block-file--media-da58a61e-3a0c-4b61-adda-ff9440638bde\" href=\"https:\/\/annazaragoza.com\/wp-content\/uploads\/2025\/03\/sts-1212025-13-de-febrero-de-2025-tribunal-supremo.pdf\">sts-1212025-13-de-febrero-de-2025-tribunal-supremo<\/a><a href=\"https:\/\/annazaragoza.com\/wp-content\/uploads\/2025\/03\/sts-1212025-13-de-febrero-de-2025-tribunal-supremo.pdf\" class=\"wp-block-file__button wp-element-button\" download aria-describedby=\"wp-block-file--media-da58a61e-3a0c-4b61-adda-ff9440638bde\">Descarga<\/a><\/div>\n\n\n\n<p class=\"wp-block-paragraph\"><a href=\"http:\/\/linkedin.com\/in\/anna-zaragoza-formiga-394837108\">Anna Zaragoza Formiga<\/a><\/p>\n\n\n\n<p class=\"wp-block-paragraph\"><\/p>\n","protected":false},"excerpt":{"rendered":"<p>En l&#8217; \u00e0mbit laboral, la seguretat dels treballadors \u00e9s un principi fonamental que tot empresari ha de garantir. La recent sent\u00e8ncia del Tribunal Suprem (Sent\u00e8ncia n\u00fam. 121\/2025) posa de manifest la gravetat de no complir amb la normativa de prevenci\u00f3 de riscos laborals i les seves conseq\u00fc\u00e8ncies legals. El cas: un accident amb greus repercussions <a href=\"https:\/\/annazaragoza.com\/ca\/responsabilitat-penal-de-l-empresari-per-incompliment-de-la-normativa-de-prevencio-de-riscos-laborals\/\" class=\"more-link\">&#8230;<span class=\"screen-reader-text\">  Responsabilitat penal de l&#8217; empresari per incompliment de la normativa de prevenci\u00f3 de riscos laborals<\/span><\/a><\/p>\n","protected":false},"author":3,"featured_media":717,"comment_status":"open","ping_status":"open","sticky":false,"template":"","format":"standard","meta":{"_acf_changed":false,"footnotes":""},"categories":[17],"tags":[],"class_list":["post-719","post","type-post","status-publish","format-standard","has-post-thumbnail","hentry","category-defensa-penal-ca"],"acf":[],"yoast_head":"<!-- This site is optimized with the Yoast SEO plugin v27.7 - https:\/\/yoast.com\/product\/yoast-seo-wordpress\/ -->\n<title>Responsabilitat penal de l&#039; empresari per incompliment de la normativa de prevenci\u00f3 de riscos laborals - Anna Zaragoza<\/title>\n<meta name=\"robots\" content=\"index, follow, max-snippet:-1, max-image-preview:large, max-video-preview:-1\" \/>\n<link rel=\"canonical\" href=\"https:\/\/annazaragoza.com\/ca\/responsabilitat-penal-de-l-empresari-per-incompliment-de-la-normativa-de-prevencio-de-riscos-laborals\/\" \/>\n<meta property=\"og:locale\" content=\"ca_ES\" \/>\n<meta property=\"og:type\" content=\"article\" \/>\n<meta property=\"og:title\" content=\"Responsabilitat penal de l&#039; empresari per incompliment de la normativa de prevenci\u00f3 de riscos laborals - Anna Zaragoza\" \/>\n<meta property=\"og:description\" content=\"En l&#8217; \u00e0mbit laboral, la seguretat dels treballadors \u00e9s un principi fonamental que tot empresari ha de garantir. La recent sent\u00e8ncia del Tribunal Suprem (Sent\u00e8ncia n\u00fam. 121\/2025) posa de manifest la gravetat de no complir amb la normativa de prevenci\u00f3 de riscos laborals i les seves conseq\u00fc\u00e8ncies legals. El cas: un accident amb greus repercussions ... Responsabilitat penal de l&#8217; empresari per incompliment de la normativa de prevenci\u00f3 de riscos laborals\" \/>\n<meta property=\"og:url\" content=\"https:\/\/annazaragoza.com\/ca\/responsabilitat-penal-de-l-empresari-per-incompliment-de-la-normativa-de-prevencio-de-riscos-laborals\/\" \/>\n<meta property=\"og:site_name\" content=\"Anna Zaragoza\" \/>\n<meta property=\"article:published_time\" content=\"2025-03-25T08:42:27+00:00\" \/>\n<meta property=\"article:modified_time\" content=\"2025-03-25T08:57:02+00:00\" \/>\n<meta property=\"og:image\" content=\"https:\/\/annazaragoza.com\/wp-content\/uploads\/2025\/03\/sams-solutions-qsk_ifUucWE-unsplash-scaled.jpg\" \/>\n\t<meta property=\"og:image:width\" content=\"2559\" \/>\n\t<meta property=\"og:image:height\" content=\"1701\" \/>\n\t<meta property=\"og:image:type\" content=\"image\/jpeg\" \/>\n<meta name=\"author\" content=\"marketing\" \/>\n<meta name=\"twitter:card\" content=\"summary_large_image\" \/>\n<meta name=\"twitter:creator\" content=\"@latevaweb\" \/>\n<meta name=\"twitter:label1\" content=\"Escrit per\" \/>\n\t<meta name=\"twitter:data1\" content=\"marketing\" \/>\n\t<meta name=\"twitter:label2\" content=\"Temps estimat de lectura\" \/>\n\t<meta name=\"twitter:data2\" content=\"2 minuts\" \/>\n<script type=\"application\/ld+json\" class=\"yoast-schema-graph\">{\"@context\":\"https:\\\/\\\/schema.org\",\"@graph\":[{\"@type\":\"Article\",\"@id\":\"https:\\\/\\\/annazaragoza.com\\\/ca\\\/responsabilitat-penal-de-l-empresari-per-incompliment-de-la-normativa-de-prevencio-de-riscos-laborals\\\/#article\",\"isPartOf\":{\"@id\":\"https:\\\/\\\/annazaragoza.com\\\/ca\\\/responsabilitat-penal-de-l-empresari-per-incompliment-de-la-normativa-de-prevencio-de-riscos-laborals\\\/\"},\"author\":{\"name\":\"marketing\",\"@id\":\"https:\\\/\\\/annazaragoza.com\\\/ca\\\/#\\\/schema\\\/person\\\/768a6428576ec06d8937cbd5b362d2db\"},\"headline\":\"Responsabilitat penal de l&#8217; empresari per incompliment de la normativa de prevenci\u00f3 de riscos laborals\",\"datePublished\":\"2025-03-25T08:42:27+00:00\",\"dateModified\":\"2025-03-25T08:57:02+00:00\",\"mainEntityOfPage\":{\"@id\":\"https:\\\/\\\/annazaragoza.com\\\/ca\\\/responsabilitat-penal-de-l-empresari-per-incompliment-de-la-normativa-de-prevencio-de-riscos-laborals\\\/\"},\"wordCount\":380,\"commentCount\":0,\"publisher\":{\"@id\":\"https:\\\/\\\/annazaragoza.com\\\/ca\\\/#organization\"},\"image\":{\"@id\":\"https:\\\/\\\/annazaragoza.com\\\/ca\\\/responsabilitat-penal-de-l-empresari-per-incompliment-de-la-normativa-de-prevencio-de-riscos-laborals\\\/#primaryimage\"},\"thumbnailUrl\":\"https:\\\/\\\/annazaragoza.com\\\/wp-content\\\/uploads\\\/2025\\\/03\\\/sams-solutions-qsk_ifUucWE-unsplash-scaled.jpg\",\"articleSection\":[\"Defensa penal\"],\"inLanguage\":\"ca\",\"potentialAction\":[{\"@type\":\"CommentAction\",\"name\":\"Comment\",\"target\":[\"https:\\\/\\\/annazaragoza.com\\\/ca\\\/responsabilitat-penal-de-l-empresari-per-incompliment-de-la-normativa-de-prevencio-de-riscos-laborals\\\/#respond\"]}]},{\"@type\":\"WebPage\",\"@id\":\"https:\\\/\\\/annazaragoza.com\\\/ca\\\/responsabilitat-penal-de-l-empresari-per-incompliment-de-la-normativa-de-prevencio-de-riscos-laborals\\\/\",\"url\":\"https:\\\/\\\/annazaragoza.com\\\/ca\\\/responsabilitat-penal-de-l-empresari-per-incompliment-de-la-normativa-de-prevencio-de-riscos-laborals\\\/\",\"name\":\"Responsabilitat penal de l' empresari per incompliment de la normativa de prevenci\u00f3 de riscos laborals - Anna Zaragoza\",\"isPartOf\":{\"@id\":\"https:\\\/\\\/annazaragoza.com\\\/ca\\\/#website\"},\"primaryImageOfPage\":{\"@id\":\"https:\\\/\\\/annazaragoza.com\\\/ca\\\/responsabilitat-penal-de-l-empresari-per-incompliment-de-la-normativa-de-prevencio-de-riscos-laborals\\\/#primaryimage\"},\"image\":{\"@id\":\"https:\\\/\\\/annazaragoza.com\\\/ca\\\/responsabilitat-penal-de-l-empresari-per-incompliment-de-la-normativa-de-prevencio-de-riscos-laborals\\\/#primaryimage\"},\"thumbnailUrl\":\"https:\\\/\\\/annazaragoza.com\\\/wp-content\\\/uploads\\\/2025\\\/03\\\/sams-solutions-qsk_ifUucWE-unsplash-scaled.jpg\",\"datePublished\":\"2025-03-25T08:42:27+00:00\",\"dateModified\":\"2025-03-25T08:57:02+00:00\",\"breadcrumb\":{\"@id\":\"https:\\\/\\\/annazaragoza.com\\\/ca\\\/responsabilitat-penal-de-l-empresari-per-incompliment-de-la-normativa-de-prevencio-de-riscos-laborals\\\/#breadcrumb\"},\"inLanguage\":\"ca\",\"potentialAction\":[{\"@type\":\"ReadAction\",\"target\":[\"https:\\\/\\\/annazaragoza.com\\\/ca\\\/responsabilitat-penal-de-l-empresari-per-incompliment-de-la-normativa-de-prevencio-de-riscos-laborals\\\/\"]}]},{\"@type\":\"ImageObject\",\"inLanguage\":\"ca\",\"@id\":\"https:\\\/\\\/annazaragoza.com\\\/ca\\\/responsabilitat-penal-de-l-empresari-per-incompliment-de-la-normativa-de-prevencio-de-riscos-laborals\\\/#primaryimage\",\"url\":\"https:\\\/\\\/annazaragoza.com\\\/wp-content\\\/uploads\\\/2025\\\/03\\\/sams-solutions-qsk_ifUucWE-unsplash-scaled.jpg\",\"contentUrl\":\"https:\\\/\\\/annazaragoza.com\\\/wp-content\\\/uploads\\\/2025\\\/03\\\/sams-solutions-qsk_ifUucWE-unsplash-scaled.jpg\",\"width\":2559,\"height\":1701},{\"@type\":\"BreadcrumbList\",\"@id\":\"https:\\\/\\\/annazaragoza.com\\\/ca\\\/responsabilitat-penal-de-l-empresari-per-incompliment-de-la-normativa-de-prevencio-de-riscos-laborals\\\/#breadcrumb\",\"itemListElement\":[{\"@type\":\"ListItem\",\"position\":1,\"name\":\"Portada\",\"item\":\"https:\\\/\\\/annazaragoza.com\\\/ca\\\/\"},{\"@type\":\"ListItem\",\"position\":2,\"name\":\"Responsabilitat penal de l' empresari per incompliment de la normativa de prevenci\u00f3 de riscos laborals\"}]},{\"@type\":\"WebSite\",\"@id\":\"https:\\\/\\\/annazaragoza.com\\\/ca\\\/#website\",\"url\":\"https:\\\/\\\/annazaragoza.com\\\/ca\\\/\",\"name\":\"Anna Zaragoza\",\"description\":\"Anna Zaragoza abogada en Barcelona\",\"publisher\":{\"@id\":\"https:\\\/\\\/annazaragoza.com\\\/ca\\\/#organization\"},\"potentialAction\":[{\"@type\":\"SearchAction\",\"target\":{\"@type\":\"EntryPoint\",\"urlTemplate\":\"https:\\\/\\\/annazaragoza.com\\\/ca\\\/?s={search_term_string}\"},\"query-input\":{\"@type\":\"PropertyValueSpecification\",\"valueRequired\":true,\"valueName\":\"search_term_string\"}}],\"inLanguage\":\"ca\"},{\"@type\":\"Organization\",\"@id\":\"https:\\\/\\\/annazaragoza.com\\\/ca\\\/#organization\",\"name\":\"Anna Zaragoza\",\"url\":\"https:\\\/\\\/annazaragoza.com\\\/ca\\\/\",\"logo\":{\"@type\":\"ImageObject\",\"inLanguage\":\"ca\",\"@id\":\"https:\\\/\\\/annazaragoza.com\\\/ca\\\/#\\\/schema\\\/logo\\\/image\\\/\",\"url\":\"https:\\\/\\\/annazaragoza.com\\\/wp-content\\\/uploads\\\/2022\\\/07\\\/cropped-favicon.png\",\"contentUrl\":\"https:\\\/\\\/annazaragoza.com\\\/wp-content\\\/uploads\\\/2022\\\/07\\\/cropped-favicon.png\",\"width\":512,\"height\":512,\"caption\":\"Anna Zaragoza\"},\"image\":{\"@id\":\"https:\\\/\\\/annazaragoza.com\\\/ca\\\/#\\\/schema\\\/logo\\\/image\\\/\"}},{\"@type\":\"Person\",\"@id\":\"https:\\\/\\\/annazaragoza.com\\\/ca\\\/#\\\/schema\\\/person\\\/768a6428576ec06d8937cbd5b362d2db\",\"name\":\"marketing\",\"image\":{\"@type\":\"ImageObject\",\"inLanguage\":\"ca\",\"@id\":\"https:\\\/\\\/secure.gravatar.com\\\/avatar\\\/f44f56b85832cb2c51de26efa8b4da1f7836f852ab765766a8fcfaebde853003?s=96&d=mm&r=g\",\"url\":\"https:\\\/\\\/secure.gravatar.com\\\/avatar\\\/f44f56b85832cb2c51de26efa8b4da1f7836f852ab765766a8fcfaebde853003?s=96&d=mm&r=g\",\"contentUrl\":\"https:\\\/\\\/secure.gravatar.com\\\/avatar\\\/f44f56b85832cb2c51de26efa8b4da1f7836f852ab765766a8fcfaebde853003?s=96&d=mm&r=g\",\"caption\":\"marketing\"},\"sameAs\":[\"https:\\\/\\\/x.com\\\/latevaweb\"]}]}<\/script>\n<!-- \/ Yoast SEO plugin. -->","yoast_head_json":{"title":"Responsabilitat penal de l' empresari per incompliment de la normativa de prevenci\u00f3 de riscos laborals - Anna Zaragoza","robots":{"index":"index","follow":"follow","max-snippet":"max-snippet:-1","max-image-preview":"max-image-preview:large","max-video-preview":"max-video-preview:-1"},"canonical":"https:\/\/annazaragoza.com\/ca\/responsabilitat-penal-de-l-empresari-per-incompliment-de-la-normativa-de-prevencio-de-riscos-laborals\/","og_locale":"ca_ES","og_type":"article","og_title":"Responsabilitat penal de l' empresari per incompliment de la normativa de prevenci\u00f3 de riscos laborals - Anna Zaragoza","og_description":"En l&#8217; \u00e0mbit laboral, la seguretat dels treballadors \u00e9s un principi fonamental que tot empresari ha de garantir. La recent sent\u00e8ncia del Tribunal Suprem (Sent\u00e8ncia n\u00fam. 121\/2025) posa de manifest la gravetat de no complir amb la normativa de prevenci\u00f3 de riscos laborals i les seves conseq\u00fc\u00e8ncies legals. El cas: un accident amb greus repercussions ... Responsabilitat penal de l&#8217; empresari per incompliment de la normativa de prevenci\u00f3 de riscos laborals","og_url":"https:\/\/annazaragoza.com\/ca\/responsabilitat-penal-de-l-empresari-per-incompliment-de-la-normativa-de-prevencio-de-riscos-laborals\/","og_site_name":"Anna Zaragoza","article_published_time":"2025-03-25T08:42:27+00:00","article_modified_time":"2025-03-25T08:57:02+00:00","og_image":[{"width":2559,"height":1701,"url":"https:\/\/annazaragoza.com\/wp-content\/uploads\/2025\/03\/sams-solutions-qsk_ifUucWE-unsplash-scaled.jpg","type":"image\/jpeg"}],"author":"marketing","twitter_card":"summary_large_image","twitter_creator":"@latevaweb","twitter_misc":{"Escrit per":"marketing","Temps estimat de lectura":"2 minuts"},"schema":{"@context":"https:\/\/schema.org","@graph":[{"@type":"Article","@id":"https:\/\/annazaragoza.com\/ca\/responsabilitat-penal-de-l-empresari-per-incompliment-de-la-normativa-de-prevencio-de-riscos-laborals\/#article","isPartOf":{"@id":"https:\/\/annazaragoza.com\/ca\/responsabilitat-penal-de-l-empresari-per-incompliment-de-la-normativa-de-prevencio-de-riscos-laborals\/"},"author":{"name":"marketing","@id":"https:\/\/annazaragoza.com\/ca\/#\/schema\/person\/768a6428576ec06d8937cbd5b362d2db"},"headline":"Responsabilitat penal de l&#8217; empresari per incompliment de la normativa de prevenci\u00f3 de riscos laborals","datePublished":"2025-03-25T08:42:27+00:00","dateModified":"2025-03-25T08:57:02+00:00","mainEntityOfPage":{"@id":"https:\/\/annazaragoza.com\/ca\/responsabilitat-penal-de-l-empresari-per-incompliment-de-la-normativa-de-prevencio-de-riscos-laborals\/"},"wordCount":380,"commentCount":0,"publisher":{"@id":"https:\/\/annazaragoza.com\/ca\/#organization"},"image":{"@id":"https:\/\/annazaragoza.com\/ca\/responsabilitat-penal-de-l-empresari-per-incompliment-de-la-normativa-de-prevencio-de-riscos-laborals\/#primaryimage"},"thumbnailUrl":"https:\/\/annazaragoza.com\/wp-content\/uploads\/2025\/03\/sams-solutions-qsk_ifUucWE-unsplash-scaled.jpg","articleSection":["Defensa penal"],"inLanguage":"ca","potentialAction":[{"@type":"CommentAction","name":"Comment","target":["https:\/\/annazaragoza.com\/ca\/responsabilitat-penal-de-l-empresari-per-incompliment-de-la-normativa-de-prevencio-de-riscos-laborals\/#respond"]}]},{"@type":"WebPage","@id":"https:\/\/annazaragoza.com\/ca\/responsabilitat-penal-de-l-empresari-per-incompliment-de-la-normativa-de-prevencio-de-riscos-laborals\/","url":"https:\/\/annazaragoza.com\/ca\/responsabilitat-penal-de-l-empresari-per-incompliment-de-la-normativa-de-prevencio-de-riscos-laborals\/","name":"Responsabilitat penal de l' empresari per incompliment de la normativa de prevenci\u00f3 de riscos laborals - Anna Zaragoza","isPartOf":{"@id":"https:\/\/annazaragoza.com\/ca\/#website"},"primaryImageOfPage":{"@id":"https:\/\/annazaragoza.com\/ca\/responsabilitat-penal-de-l-empresari-per-incompliment-de-la-normativa-de-prevencio-de-riscos-laborals\/#primaryimage"},"image":{"@id":"https:\/\/annazaragoza.com\/ca\/responsabilitat-penal-de-l-empresari-per-incompliment-de-la-normativa-de-prevencio-de-riscos-laborals\/#primaryimage"},"thumbnailUrl":"https:\/\/annazaragoza.com\/wp-content\/uploads\/2025\/03\/sams-solutions-qsk_ifUucWE-unsplash-scaled.jpg","datePublished":"2025-03-25T08:42:27+00:00","dateModified":"2025-03-25T08:57:02+00:00","breadcrumb":{"@id":"https:\/\/annazaragoza.com\/ca\/responsabilitat-penal-de-l-empresari-per-incompliment-de-la-normativa-de-prevencio-de-riscos-laborals\/#breadcrumb"},"inLanguage":"ca","potentialAction":[{"@type":"ReadAction","target":["https:\/\/annazaragoza.com\/ca\/responsabilitat-penal-de-l-empresari-per-incompliment-de-la-normativa-de-prevencio-de-riscos-laborals\/"]}]},{"@type":"ImageObject","inLanguage":"ca","@id":"https:\/\/annazaragoza.com\/ca\/responsabilitat-penal-de-l-empresari-per-incompliment-de-la-normativa-de-prevencio-de-riscos-laborals\/#primaryimage","url":"https:\/\/annazaragoza.com\/wp-content\/uploads\/2025\/03\/sams-solutions-qsk_ifUucWE-unsplash-scaled.jpg","contentUrl":"https:\/\/annazaragoza.com\/wp-content\/uploads\/2025\/03\/sams-solutions-qsk_ifUucWE-unsplash-scaled.jpg","width":2559,"height":1701},{"@type":"BreadcrumbList","@id":"https:\/\/annazaragoza.com\/ca\/responsabilitat-penal-de-l-empresari-per-incompliment-de-la-normativa-de-prevencio-de-riscos-laborals\/#breadcrumb","itemListElement":[{"@type":"ListItem","position":1,"name":"Portada","item":"https:\/\/annazaragoza.com\/ca\/"},{"@type":"ListItem","position":2,"name":"Responsabilitat penal de l' empresari per incompliment de la normativa de prevenci\u00f3 de riscos laborals"}]},{"@type":"WebSite","@id":"https:\/\/annazaragoza.com\/ca\/#website","url":"https:\/\/annazaragoza.com\/ca\/","name":"Anna Zaragoza","description":"Anna Zaragoza abogada en Barcelona","publisher":{"@id":"https:\/\/annazaragoza.com\/ca\/#organization"},"potentialAction":[{"@type":"SearchAction","target":{"@type":"EntryPoint","urlTemplate":"https:\/\/annazaragoza.com\/ca\/?s={search_term_string}"},"query-input":{"@type":"PropertyValueSpecification","valueRequired":true,"valueName":"search_term_string"}}],"inLanguage":"ca"},{"@type":"Organization","@id":"https:\/\/annazaragoza.com\/ca\/#organization","name":"Anna Zaragoza","url":"https:\/\/annazaragoza.com\/ca\/","logo":{"@type":"ImageObject","inLanguage":"ca","@id":"https:\/\/annazaragoza.com\/ca\/#\/schema\/logo\/image\/","url":"https:\/\/annazaragoza.com\/wp-content\/uploads\/2022\/07\/cropped-favicon.png","contentUrl":"https:\/\/annazaragoza.com\/wp-content\/uploads\/2022\/07\/cropped-favicon.png","width":512,"height":512,"caption":"Anna Zaragoza"},"image":{"@id":"https:\/\/annazaragoza.com\/ca\/#\/schema\/logo\/image\/"}},{"@type":"Person","@id":"https:\/\/annazaragoza.com\/ca\/#\/schema\/person\/768a6428576ec06d8937cbd5b362d2db","name":"marketing","image":{"@type":"ImageObject","inLanguage":"ca","@id":"https:\/\/secure.gravatar.com\/avatar\/f44f56b85832cb2c51de26efa8b4da1f7836f852ab765766a8fcfaebde853003?s=96&d=mm&r=g","url":"https:\/\/secure.gravatar.com\/avatar\/f44f56b85832cb2c51de26efa8b4da1f7836f852ab765766a8fcfaebde853003?s=96&d=mm&r=g","contentUrl":"https:\/\/secure.gravatar.com\/avatar\/f44f56b85832cb2c51de26efa8b4da1f7836f852ab765766a8fcfaebde853003?s=96&d=mm&r=g","caption":"marketing"},"sameAs":["https:\/\/x.com\/latevaweb"]}]}},"_links":{"self":[{"href":"https:\/\/annazaragoza.com\/ca\/wp-json\/wp\/v2\/posts\/719","targetHints":{"allow":["GET"]}}],"collection":[{"href":"https:\/\/annazaragoza.com\/ca\/wp-json\/wp\/v2\/posts"}],"about":[{"href":"https:\/\/annazaragoza.com\/ca\/wp-json\/wp\/v2\/types\/post"}],"author":[{"embeddable":true,"href":"https:\/\/annazaragoza.com\/ca\/wp-json\/wp\/v2\/users\/3"}],"replies":[{"embeddable":true,"href":"https:\/\/annazaragoza.com\/ca\/wp-json\/wp\/v2\/comments?post=719"}],"version-history":[{"count":1,"href":"https:\/\/annazaragoza.com\/ca\/wp-json\/wp\/v2\/posts\/719\/revisions"}],"predecessor-version":[{"id":720,"href":"https:\/\/annazaragoza.com\/ca\/wp-json\/wp\/v2\/posts\/719\/revisions\/720"}],"wp:featuredmedia":[{"embeddable":true,"href":"https:\/\/annazaragoza.com\/ca\/wp-json\/wp\/v2\/media\/717"}],"wp:attachment":[{"href":"https:\/\/annazaragoza.com\/ca\/wp-json\/wp\/v2\/media?parent=719"}],"wp:term":[{"taxonomy":"category","embeddable":true,"href":"https:\/\/annazaragoza.com\/ca\/wp-json\/wp\/v2\/categories?post=719"},{"taxonomy":"post_tag","embeddable":true,"href":"https:\/\/annazaragoza.com\/ca\/wp-json\/wp\/v2\/tags?post=719"}],"curies":[{"name":"wp","href":"https:\/\/api.w.org\/{rel}","templated":true}]}}